
{"id":1002,"date":"2015-08-02T11:42:44","date_gmt":"2015-08-02T09:42:44","guid":{"rendered":"http:\/\/tapas.ch\/wordpress\/?p=1002"},"modified":"2023-02-05T21:23:08","modified_gmt":"2023-02-05T20:23:08","slug":"roda-i-reserva","status":"publish","type":"post","link":"https:\/\/tapas.ch\/wordpress\/roda-i-reserva\/","title":{"rendered":"Roda I Reserva"},"content":{"rendered":"<table style=\"height: 96px;\" width=\"412\">\n<tbody>\n<tr>\n<td width=\"84\"><em>Name<\/em><\/td>\n<td width=\"319\">Roda I Reserva<\/td>\n<\/tr>\n<tr>\n<td width=\"84\"><em>Region<\/em><\/td>\n<td width=\"319\">Rioja alta<\/td>\n<\/tr>\n<tr>\n<td width=\"84\"><em>Winzer<\/em><\/td>\n<td width=\"319\">Bodegas Roda<\/td>\n<\/tr>\n<tr>\n<td width=\"84\"><em>Trauben<\/em><\/td>\n<td width=\"319\">100% Tempranillo<\/td>\n<\/tr>\n<tr>\n<td width=\"84\"><em>Web<\/em><\/td>\n<td width=\"319\"><a href=\"http:\/\/www.roda.es\" target=\"_blank\" rel=\"noopener\">www.roda.es<\/a><\/td>\n<\/tr>\n<\/tbody>\n<\/table>\n<p>&nbsp;<\/p>\n<ul>\n<li>Nichts f\u00fcr arme Leute ist der Roda I des Winzerpaares Mario <em>Ro<\/em>tllant und Carmen <em>Da<\/em>urella (daher der Name <em>RoDa<\/em>). Das teure Wunderwerk wird aus ausgesuchten F\u00e4ssern mit besonders tiefem und dunklem Saft zusammengestellt. Es gibt noch weitere Weinpreziosen dieses Weinguts.<\/li>\n<li>RODA ist ein absolutes Spitzengut im Rioja. Die Bodega liegt wie einige andere unmittelbar beim Bahnh\u00f6fchen Haro.<\/li>\n<li>Optimale Trinkreife max. 15 Jahre nach der Ernte.<\/li>\n<li>Preis ca. CHF 62.<\/li>\n<\/ul>\n<p>&nbsp;<\/p>\n<p><a href=\"http:\/\/tapas.ch\/wordpress\/wp-content\/uploads\/2015\/04\/DSCN8123.jpg\"><img loading=\"lazy\" decoding=\"async\" class=\"alignnone wp-image-2163 size-large\" src=\"http:\/\/tapas.ch\/wordpress\/wp-content\/uploads\/2015\/04\/DSCN8123-1024x768.jpg\" alt=\"DSCN8123\" width=\"900\" height=\"675\" srcset=\"https:\/\/tapas.ch\/wordpress\/wp-content\/uploads\/2015\/04\/DSCN8123-1024x768.jpg 1024w, https:\/\/tapas.ch\/wordpress\/wp-content\/uploads\/2015\/04\/DSCN8123-300x225.jpg 300w, https:\/\/tapas.ch\/wordpress\/wp-content\/uploads\/2015\/04\/DSCN8123-900x675.jpg 900w\" sizes=\"auto, (max-width: 900px) 100vw, 900px\" \/><\/a><\/p>\n<p><a href=\"http:\/\/tapas.ch\/wordpress\/wp-content\/uploads\/2015\/04\/DSCN8124.jpg\"><img loading=\"lazy\" decoding=\"async\" class=\"alignnone wp-image-2164 size-large\" src=\"http:\/\/tapas.ch\/wordpress\/wp-content\/uploads\/2015\/04\/DSCN8124-1024x768.jpg\" alt=\"DSCN8124\" width=\"900\" height=\"675\" srcset=\"https:\/\/tapas.ch\/wordpress\/wp-content\/uploads\/2015\/04\/DSCN8124-1024x768.jpg 1024w, https:\/\/tapas.ch\/wordpress\/wp-content\/uploads\/2015\/04\/DSCN8124-300x225.jpg 300w, https:\/\/tapas.ch\/wordpress\/wp-content\/uploads\/2015\/04\/DSCN8124-900x675.jpg 900w\" sizes=\"auto, (max-width: 900px) 100vw, 900px\" \/><\/a><\/p>\n\n\n<div style=\"height:34px\" aria-hidden=\"true\" class=\"wp-block-spacer\"><\/div>\n\n\n\n<p><strong>Meine Degu (2006er):<\/strong><\/p>\n\n\n\n<div class=\"wp-block-group\"><div class=\"wp-block-group__inner-container is-layout-flow wp-block-group-is-layout-flow\">\n<ul class=\"wp-block-list\">\n<li>klar<\/li>\n\n\n\n<li>mittleres Granatrot<\/li>\n\n\n\n<li>sauber<\/li>\n\n\n\n<li>ausgepr\u00e4gte Geruchsintensit\u00e4t nach:\n<ul class=\"wp-block-list\">\n<li>Feige<\/li>\n\n\n\n<li>Karamell<\/li>\n\n\n\n<li>Kaffee<\/li>\n\n\n\n<li>Schokolade<\/li>\n\n\n\n<li>Backpflaume<\/li>\n\n\n\n<li>Bauernhof<\/li>\n<\/ul>\n<\/li>\n\n\n\n<li>voll gereift<\/li>\n\n\n\n<li>trocken<\/li>\n\n\n\n<li>S\u00e4ure mittel<\/li>\n\n\n\n<li>Tannin hoch<\/li>\n\n\n\n<li>Alkohol hoch<\/li>\n\n\n\n<li>voller K\u00f6rper<\/li>\n\n\n\n<li>ausgepr\u00e4gte Geschmacksaromen nach:\n<ul class=\"wp-block-list\">\n<li>roter Johannisbeere<\/li>\n\n\n\n<li>Marmeladigkeit<\/li>\n\n\n\n<li>getrocknete Fr\u00fcchte<\/li>\n<\/ul>\n<\/li>\n\n\n\n<li>langer Abgang<\/li>\n\n\n\n<li>Qualit\u00e4t sehr gut<\/li>\n\n\n\n<li>kann getrunken werden, hat aber noch Reifepotential<\/li>\n<\/ul>\n<\/div><\/div>\n\n\n\n<p><strong>Fazit<\/strong>:<\/p>\n\n\n\n<p>Das war Flasche Nr. 111&#8217;618. Gem\u00e4ss Etikette wurden 119&#8217;318 Liter dieses Jahrgangs produziert. Ganz sch\u00f6n viel f\u00fcr so einen Topwein.  Den Uno trifft man halt \u00fcberall an, wo gute und teure Weine angeboten werden. Er hat keine Schw\u00e4che. Und das ist wohl sein Geheimnis.<\/p>\n\n\n\n<div style=\"height:36px\" aria-hidden=\"true\" class=\"wp-block-spacer\"><\/div>\n\n\n\n<figure class=\"wp-block-gallery has-nested-images columns-2 is-cropped wp-block-gallery-1 is-layout-flex wp-block-gallery-is-layout-flex\">\n<figure class=\"wp-block-image size-large\"><a href=\"https:\/\/tapas.ch\/wordpress\/wp-content\/uploads\/2021\/12\/IMG_8072-scaled.jpg\"><img loading=\"lazy\" decoding=\"async\" width=\"1024\" height=\"576\" data-id=\"12568\" src=\"https:\/\/tapas.ch\/wordpress\/wp-content\/uploads\/2021\/12\/IMG_8072-1024x576.jpg\" alt=\"\" class=\"wp-image-12568\" srcset=\"https:\/\/tapas.ch\/wordpress\/wp-content\/uploads\/2021\/12\/IMG_8072-1024x576.jpg 1024w, https:\/\/tapas.ch\/wordpress\/wp-content\/uploads\/2021\/12\/IMG_8072-300x169.jpg 300w, https:\/\/tapas.ch\/wordpress\/wp-content\/uploads\/2021\/12\/IMG_8072-768x432.jpg 768w, https:\/\/tapas.ch\/wordpress\/wp-content\/uploads\/2021\/12\/IMG_8072-1536x864.jpg 1536w, https:\/\/tapas.ch\/wordpress\/wp-content\/uploads\/2021\/12\/IMG_8072-2048x1152.jpg 2048w\" sizes=\"auto, (max-width: 1024px) 100vw, 1024px\" \/><\/a><\/figure>\n\n\n\n<figure class=\"wp-block-image size-large\"><a href=\"https:\/\/tapas.ch\/wordpress\/wp-content\/uploads\/2021\/12\/IMG_8086-scaled.jpg\"><img loading=\"lazy\" decoding=\"async\" width=\"1024\" height=\"576\" data-id=\"12565\" src=\"https:\/\/tapas.ch\/wordpress\/wp-content\/uploads\/2021\/12\/IMG_8086-1024x576.jpg\" alt=\"\" class=\"wp-image-12565\" srcset=\"https:\/\/tapas.ch\/wordpress\/wp-content\/uploads\/2021\/12\/IMG_8086-1024x576.jpg 1024w, https:\/\/tapas.ch\/wordpress\/wp-content\/uploads\/2021\/12\/IMG_8086-300x169.jpg 300w, https:\/\/tapas.ch\/wordpress\/wp-content\/uploads\/2021\/12\/IMG_8086-768x432.jpg 768w, https:\/\/tapas.ch\/wordpress\/wp-content\/uploads\/2021\/12\/IMG_8086-1536x864.jpg 1536w, https:\/\/tapas.ch\/wordpress\/wp-content\/uploads\/2021\/12\/IMG_8086-2048x1152.jpg 2048w\" sizes=\"auto, (max-width: 1024px) 100vw, 1024px\" \/><\/a><\/figure>\n\n\n\n<figure class=\"wp-block-image size-large\"><a href=\"https:\/\/tapas.ch\/wordpress\/wp-content\/uploads\/2021\/12\/IMG_8084-scaled.jpg\"><img loading=\"lazy\" decoding=\"async\" width=\"1024\" height=\"576\" data-id=\"12566\" src=\"https:\/\/tapas.ch\/wordpress\/wp-content\/uploads\/2021\/12\/IMG_8084-1024x576.jpg\" alt=\"\" class=\"wp-image-12566\" srcset=\"https:\/\/tapas.ch\/wordpress\/wp-content\/uploads\/2021\/12\/IMG_8084-1024x576.jpg 1024w, https:\/\/tapas.ch\/wordpress\/wp-content\/uploads\/2021\/12\/IMG_8084-300x169.jpg 300w, https:\/\/tapas.ch\/wordpress\/wp-content\/uploads\/2021\/12\/IMG_8084-768x432.jpg 768w, https:\/\/tapas.ch\/wordpress\/wp-content\/uploads\/2021\/12\/IMG_8084-1536x864.jpg 1536w, https:\/\/tapas.ch\/wordpress\/wp-content\/uploads\/2021\/12\/IMG_8084-2048x1152.jpg 2048w\" sizes=\"auto, (max-width: 1024px) 100vw, 1024px\" \/><\/a><\/figure>\n\n\n\n<figure class=\"wp-block-image size-large\"><a href=\"https:\/\/tapas.ch\/wordpress\/wp-content\/uploads\/2021\/12\/IMG_8087-scaled.jpg\"><img loading=\"lazy\" decoding=\"async\" width=\"1024\" height=\"576\" data-id=\"12564\" src=\"https:\/\/tapas.ch\/wordpress\/wp-content\/uploads\/2021\/12\/IMG_8087-1024x576.jpg\" alt=\"\" class=\"wp-image-12564\" srcset=\"https:\/\/tapas.ch\/wordpress\/wp-content\/uploads\/2021\/12\/IMG_8087-1024x576.jpg 1024w, https:\/\/tapas.ch\/wordpress\/wp-content\/uploads\/2021\/12\/IMG_8087-300x169.jpg 300w, https:\/\/tapas.ch\/wordpress\/wp-content\/uploads\/2021\/12\/IMG_8087-768x432.jpg 768w, https:\/\/tapas.ch\/wordpress\/wp-content\/uploads\/2021\/12\/IMG_8087-1536x864.jpg 1536w, https:\/\/tapas.ch\/wordpress\/wp-content\/uploads\/2021\/12\/IMG_8087-2048x1152.jpg 2048w\" sizes=\"auto, (max-width: 1024px) 100vw, 1024px\" \/><\/a><\/figure>\n\n\n\n<figure class=\"wp-block-image size-large\"><a href=\"https:\/\/tapas.ch\/wordpress\/wp-content\/uploads\/2021\/12\/IMG_8081-scaled.jpg\"><img loading=\"lazy\" decoding=\"async\" width=\"1024\" height=\"576\" data-id=\"12567\" src=\"https:\/\/tapas.ch\/wordpress\/wp-content\/uploads\/2021\/12\/IMG_8081-1024x576.jpg\" alt=\"\" class=\"wp-image-12567\" srcset=\"https:\/\/tapas.ch\/wordpress\/wp-content\/uploads\/2021\/12\/IMG_8081-1024x576.jpg 1024w, https:\/\/tapas.ch\/wordpress\/wp-content\/uploads\/2021\/12\/IMG_8081-300x169.jpg 300w, https:\/\/tapas.ch\/wordpress\/wp-content\/uploads\/2021\/12\/IMG_8081-768x432.jpg 768w, https:\/\/tapas.ch\/wordpress\/wp-content\/uploads\/2021\/12\/IMG_8081-1536x864.jpg 1536w, https:\/\/tapas.ch\/wordpress\/wp-content\/uploads\/2021\/12\/IMG_8081-2048x1152.jpg 2048w\" sizes=\"auto, (max-width: 1024px) 100vw, 1024px\" \/><\/a><figcaption class=\"wp-element-caption\">wieder mal Paella Rodolfo. Muy rica!<\/figcaption><\/figure>\n<\/figure>\n","protected":false},"excerpt":{"rendered":"<p>Name Roda I Reserva Region Rioja alta Winzer Bodegas Roda Trauben 100% Tempranillo Web www.roda.es &nbsp; Nichts f\u00fcr arme Leute ist der Roda I des Winzerpaares Mario Rotllant und Carmen<span class=\"more-button\"><a href=\"https:\/\/tapas.ch\/wordpress\/roda-i-reserva\/\" class=\"more-link\">Weiterlesen &#8230;<span class=\"screen-reader-text\">Roda I Reserva<\/span><\/a><\/span><\/p>\n","protected":false},"author":1,"featured_media":1003,"comment_status":"open","ping_status":"open","sticky":false,"template":"","format":"standard","meta":{"episode_type":"","audio_file":"","podmotor_file_id":"","podmotor_episode_id":"","cover_image":"","cover_image_id":"","duration":"","filesize":"","filesize_raw":"","date_recorded":"","explicit":"","block":"","itunes_episode_number":"","itunes_title":"","itunes_season_number":"","itunes_episode_type":"","footnotes":""},"categories":[18],"tags":[52,23],"class_list":["post-1002","post","type-post","status-publish","format-standard","has-post-thumbnail","hentry","category-wein-rioja","tag-chf-60-70","tag-rioja"],"yoast_head":"<!-- This site is optimized with the Yoast SEO plugin v27.5 - https:\/\/yoast.com\/product\/yoast-seo-wordpress\/ -->\n<title>Roda I Reserva - 12 Jahre - tapas.ch<\/title>\n<meta name=\"description\" content=\"Roda I Reserva - 12 Jahre - tapas.ch - Wein - Rioja\" \/>\n<meta name=\"robots\" content=\"index, follow, max-snippet:-1, max-image-preview:large, max-video-preview:-1\" \/>\n<link rel=\"canonical\" href=\"https:\/\/tapas.ch\/wordpress\/roda-i-reserva\/\" \/>\n<meta property=\"og:locale\" content=\"de_DE\" \/>\n<meta property=\"og:type\" content=\"article\" \/>\n<meta property=\"og:title\" content=\"Roda I Reserva - 12 Jahre - tapas.ch\" \/>\n<meta property=\"og:description\" content=\"Roda I Reserva - 12 Jahre - tapas.ch - Wein - Rioja\" \/>\n<meta property=\"og:url\" content=\"https:\/\/tapas.ch\/wordpress\/roda-i-reserva\/\" \/>\n<meta property=\"og:site_name\" content=\"12 Jahre - tapas.ch\" \/>\n<meta property=\"article:published_time\" content=\"2015-08-02T09:42:44+00:00\" \/>\n<meta property=\"article:modified_time\" content=\"2023-02-05T20:23:08+00:00\" \/>\n<meta property=\"og:image\" content=\"https:\/\/tapas.ch\/wordpress\/wp-content\/uploads\/2015\/03\/Roda-11.jpg\" \/>\n\t<meta property=\"og:image:width\" content=\"1242\" \/>\n\t<meta property=\"og:image:height\" content=\"1791\" \/>\n\t<meta property=\"og:image:type\" content=\"image\/jpeg\" \/>\n<meta name=\"author\" content=\"Rodolfo\" \/>\n<meta name=\"twitter:card\" content=\"summary_large_image\" \/>\n<meta name=\"twitter:label1\" content=\"Verfasst von\" \/>\n\t<meta name=\"twitter:data1\" content=\"Rodolfo\" \/>\n\t<meta name=\"twitter:label2\" content=\"Gesch\u00e4tzte Lesezeit\" \/>\n\t<meta name=\"twitter:data2\" content=\"3\u00a0Minuten\" \/>\n<script type=\"application\/ld+json\" class=\"yoast-schema-graph\">{\"@context\":\"https:\\\/\\\/schema.org\",\"@graph\":[{\"@type\":\"Article\",\"@id\":\"https:\\\/\\\/tapas.ch\\\/wordpress\\\/roda-i-reserva\\\/#article\",\"isPartOf\":{\"@id\":\"https:\\\/\\\/tapas.ch\\\/wordpress\\\/roda-i-reserva\\\/\"},\"author\":{\"name\":\"Rodolfo\",\"@id\":\"https:\\\/\\\/tapas.ch\\\/wordpress\\\/#\\\/schema\\\/person\\\/b0716d1316a3dfdfc9d94f5d1c6d4937\"},\"headline\":\"Roda I Reserva\",\"datePublished\":\"2015-08-02T09:42:44+00:00\",\"dateModified\":\"2023-02-05T20:23:08+00:00\",\"mainEntityOfPage\":{\"@id\":\"https:\\\/\\\/tapas.ch\\\/wordpress\\\/roda-i-reserva\\\/\"},\"wordCount\":198,\"commentCount\":0,\"publisher\":{\"@id\":\"https:\\\/\\\/tapas.ch\\\/wordpress\\\/#\\\/schema\\\/person\\\/b0716d1316a3dfdfc9d94f5d1c6d4937\"},\"image\":{\"@id\":\"https:\\\/\\\/tapas.ch\\\/wordpress\\\/roda-i-reserva\\\/#primaryimage\"},\"thumbnailUrl\":\"https:\\\/\\\/tapas.ch\\\/wordpress\\\/wp-content\\\/uploads\\\/2015\\\/03\\\/Roda-11.jpg\",\"keywords\":[\"Preis CHF 60-70\",\"Region Rioja\"],\"articleSection\":[\"Wein - Rioja\"],\"inLanguage\":\"de\",\"potentialAction\":[{\"@type\":\"CommentAction\",\"name\":\"Comment\",\"target\":[\"https:\\\/\\\/tapas.ch\\\/wordpress\\\/roda-i-reserva\\\/#respond\"]}]},{\"@type\":\"WebPage\",\"@id\":\"https:\\\/\\\/tapas.ch\\\/wordpress\\\/roda-i-reserva\\\/\",\"url\":\"https:\\\/\\\/tapas.ch\\\/wordpress\\\/roda-i-reserva\\\/\",\"name\":\"Roda I Reserva - 12 Jahre - tapas.ch\",\"isPartOf\":{\"@id\":\"https:\\\/\\\/tapas.ch\\\/wordpress\\\/#website\"},\"primaryImageOfPage\":{\"@id\":\"https:\\\/\\\/tapas.ch\\\/wordpress\\\/roda-i-reserva\\\/#primaryimage\"},\"image\":{\"@id\":\"https:\\\/\\\/tapas.ch\\\/wordpress\\\/roda-i-reserva\\\/#primaryimage\"},\"thumbnailUrl\":\"https:\\\/\\\/tapas.ch\\\/wordpress\\\/wp-content\\\/uploads\\\/2015\\\/03\\\/Roda-11.jpg\",\"datePublished\":\"2015-08-02T09:42:44+00:00\",\"dateModified\":\"2023-02-05T20:23:08+00:00\",\"description\":\"Roda I Reserva - 12 Jahre - tapas.ch - Wein - Rioja\",\"breadcrumb\":{\"@id\":\"https:\\\/\\\/tapas.ch\\\/wordpress\\\/roda-i-reserva\\\/#breadcrumb\"},\"inLanguage\":\"de\",\"potentialAction\":[{\"@type\":\"ReadAction\",\"target\":[\"https:\\\/\\\/tapas.ch\\\/wordpress\\\/roda-i-reserva\\\/\"]}]},{\"@type\":\"ImageObject\",\"inLanguage\":\"de\",\"@id\":\"https:\\\/\\\/tapas.ch\\\/wordpress\\\/roda-i-reserva\\\/#primaryimage\",\"url\":\"https:\\\/\\\/tapas.ch\\\/wordpress\\\/wp-content\\\/uploads\\\/2015\\\/03\\\/Roda-11.jpg\",\"contentUrl\":\"https:\\\/\\\/tapas.ch\\\/wordpress\\\/wp-content\\\/uploads\\\/2015\\\/03\\\/Roda-11.jpg\",\"width\":1242,\"height\":1791},{\"@type\":\"BreadcrumbList\",\"@id\":\"https:\\\/\\\/tapas.ch\\\/wordpress\\\/roda-i-reserva\\\/#breadcrumb\",\"itemListElement\":[{\"@type\":\"ListItem\",\"position\":1,\"name\":\"Startseite\",\"item\":\"https:\\\/\\\/tapas.ch\\\/wordpress\\\/\"},{\"@type\":\"ListItem\",\"position\":2,\"name\":\"Roda I Reserva\"}]},{\"@type\":\"WebSite\",\"@id\":\"https:\\\/\\\/tapas.ch\\\/wordpress\\\/#website\",\"url\":\"https:\\\/\\\/tapas.ch\\\/wordpress\\\/\",\"name\":\"12 Jahre - tapas.ch\",\"description\":\"Tapas, Weine und vieles mehr...\",\"publisher\":{\"@id\":\"https:\\\/\\\/tapas.ch\\\/wordpress\\\/#\\\/schema\\\/person\\\/b0716d1316a3dfdfc9d94f5d1c6d4937\"},\"potentialAction\":[{\"@type\":\"SearchAction\",\"target\":{\"@type\":\"EntryPoint\",\"urlTemplate\":\"https:\\\/\\\/tapas.ch\\\/wordpress\\\/?s={search_term_string}\"},\"query-input\":{\"@type\":\"PropertyValueSpecification\",\"valueRequired\":true,\"valueName\":\"search_term_string\"}}],\"inLanguage\":\"de\"},{\"@type\":[\"Person\",\"Organization\"],\"@id\":\"https:\\\/\\\/tapas.ch\\\/wordpress\\\/#\\\/schema\\\/person\\\/b0716d1316a3dfdfc9d94f5d1c6d4937\",\"name\":\"Rodolfo\",\"image\":{\"@type\":\"ImageObject\",\"inLanguage\":\"de\",\"@id\":\"https:\\\/\\\/tapas.ch\\\/wordpress\\\/wp-content\\\/uploads\\\/2022\\\/04\\\/Trauben-Logo-quardratisch.jpg\",\"url\":\"https:\\\/\\\/tapas.ch\\\/wordpress\\\/wp-content\\\/uploads\\\/2022\\\/04\\\/Trauben-Logo-quardratisch.jpg\",\"contentUrl\":\"https:\\\/\\\/tapas.ch\\\/wordpress\\\/wp-content\\\/uploads\\\/2022\\\/04\\\/Trauben-Logo-quardratisch.jpg\",\"width\":500,\"height\":500,\"caption\":\"Rodolfo\"},\"logo\":{\"@id\":\"https:\\\/\\\/tapas.ch\\\/wordpress\\\/wp-content\\\/uploads\\\/2022\\\/04\\\/Trauben-Logo-quardratisch.jpg\"},\"url\":\"https:\\\/\\\/tapas.ch\\\/wordpress\\\/author\\\/rolfkuratle_535j8249\\\/\"}]}<\/script>\n<!-- \/ Yoast SEO plugin. -->","yoast_head_json":{"title":"Roda I Reserva - 12 Jahre - tapas.ch","description":"Roda I Reserva - 12 Jahre - tapas.ch - Wein - Rioja","robots":{"index":"index","follow":"follow","max-snippet":"max-snippet:-1","max-image-preview":"max-image-preview:large","max-video-preview":"max-video-preview:-1"},"canonical":"https:\/\/tapas.ch\/wordpress\/roda-i-reserva\/","og_locale":"de_DE","og_type":"article","og_title":"Roda I Reserva - 12 Jahre - tapas.ch","og_description":"Roda I Reserva - 12 Jahre - tapas.ch - Wein - Rioja","og_url":"https:\/\/tapas.ch\/wordpress\/roda-i-reserva\/","og_site_name":"12 Jahre - tapas.ch","article_published_time":"2015-08-02T09:42:44+00:00","article_modified_time":"2023-02-05T20:23:08+00:00","og_image":[{"width":1242,"height":1791,"url":"https:\/\/tapas.ch\/wordpress\/wp-content\/uploads\/2015\/03\/Roda-11.jpg","type":"image\/jpeg"}],"author":"Rodolfo","twitter_card":"summary_large_image","twitter_misc":{"Verfasst von":"Rodolfo","Gesch\u00e4tzte Lesezeit":"3\u00a0Minuten"},"schema":{"@context":"https:\/\/schema.org","@graph":[{"@type":"Article","@id":"https:\/\/tapas.ch\/wordpress\/roda-i-reserva\/#article","isPartOf":{"@id":"https:\/\/tapas.ch\/wordpress\/roda-i-reserva\/"},"author":{"name":"Rodolfo","@id":"https:\/\/tapas.ch\/wordpress\/#\/schema\/person\/b0716d1316a3dfdfc9d94f5d1c6d4937"},"headline":"Roda I Reserva","datePublished":"2015-08-02T09:42:44+00:00","dateModified":"2023-02-05T20:23:08+00:00","mainEntityOfPage":{"@id":"https:\/\/tapas.ch\/wordpress\/roda-i-reserva\/"},"wordCount":198,"commentCount":0,"publisher":{"@id":"https:\/\/tapas.ch\/wordpress\/#\/schema\/person\/b0716d1316a3dfdfc9d94f5d1c6d4937"},"image":{"@id":"https:\/\/tapas.ch\/wordpress\/roda-i-reserva\/#primaryimage"},"thumbnailUrl":"https:\/\/tapas.ch\/wordpress\/wp-content\/uploads\/2015\/03\/Roda-11.jpg","keywords":["Preis CHF 60-70","Region Rioja"],"articleSection":["Wein - Rioja"],"inLanguage":"de","potentialAction":[{"@type":"CommentAction","name":"Comment","target":["https:\/\/tapas.ch\/wordpress\/roda-i-reserva\/#respond"]}]},{"@type":"WebPage","@id":"https:\/\/tapas.ch\/wordpress\/roda-i-reserva\/","url":"https:\/\/tapas.ch\/wordpress\/roda-i-reserva\/","name":"Roda I Reserva - 12 Jahre - tapas.ch","isPartOf":{"@id":"https:\/\/tapas.ch\/wordpress\/#website"},"primaryImageOfPage":{"@id":"https:\/\/tapas.ch\/wordpress\/roda-i-reserva\/#primaryimage"},"image":{"@id":"https:\/\/tapas.ch\/wordpress\/roda-i-reserva\/#primaryimage"},"thumbnailUrl":"https:\/\/tapas.ch\/wordpress\/wp-content\/uploads\/2015\/03\/Roda-11.jpg","datePublished":"2015-08-02T09:42:44+00:00","dateModified":"2023-02-05T20:23:08+00:00","description":"Roda I Reserva - 12 Jahre - tapas.ch - Wein - Rioja","breadcrumb":{"@id":"https:\/\/tapas.ch\/wordpress\/roda-i-reserva\/#breadcrumb"},"inLanguage":"de","potentialAction":[{"@type":"ReadAction","target":["https:\/\/tapas.ch\/wordpress\/roda-i-reserva\/"]}]},{"@type":"ImageObject","inLanguage":"de","@id":"https:\/\/tapas.ch\/wordpress\/roda-i-reserva\/#primaryimage","url":"https:\/\/tapas.ch\/wordpress\/wp-content\/uploads\/2015\/03\/Roda-11.jpg","contentUrl":"https:\/\/tapas.ch\/wordpress\/wp-content\/uploads\/2015\/03\/Roda-11.jpg","width":1242,"height":1791},{"@type":"BreadcrumbList","@id":"https:\/\/tapas.ch\/wordpress\/roda-i-reserva\/#breadcrumb","itemListElement":[{"@type":"ListItem","position":1,"name":"Startseite","item":"https:\/\/tapas.ch\/wordpress\/"},{"@type":"ListItem","position":2,"name":"Roda I Reserva"}]},{"@type":"WebSite","@id":"https:\/\/tapas.ch\/wordpress\/#website","url":"https:\/\/tapas.ch\/wordpress\/","name":"12 Jahre - tapas.ch","description":"Tapas, Weine und vieles mehr...","publisher":{"@id":"https:\/\/tapas.ch\/wordpress\/#\/schema\/person\/b0716d1316a3dfdfc9d94f5d1c6d4937"},"potentialAction":[{"@type":"SearchAction","target":{"@type":"EntryPoint","urlTemplate":"https:\/\/tapas.ch\/wordpress\/?s={search_term_string}"},"query-input":{"@type":"PropertyValueSpecification","valueRequired":true,"valueName":"search_term_string"}}],"inLanguage":"de"},{"@type":["Person","Organization"],"@id":"https:\/\/tapas.ch\/wordpress\/#\/schema\/person\/b0716d1316a3dfdfc9d94f5d1c6d4937","name":"Rodolfo","image":{"@type":"ImageObject","inLanguage":"de","@id":"https:\/\/tapas.ch\/wordpress\/wp-content\/uploads\/2022\/04\/Trauben-Logo-quardratisch.jpg","url":"https:\/\/tapas.ch\/wordpress\/wp-content\/uploads\/2022\/04\/Trauben-Logo-quardratisch.jpg","contentUrl":"https:\/\/tapas.ch\/wordpress\/wp-content\/uploads\/2022\/04\/Trauben-Logo-quardratisch.jpg","width":500,"height":500,"caption":"Rodolfo"},"logo":{"@id":"https:\/\/tapas.ch\/wordpress\/wp-content\/uploads\/2022\/04\/Trauben-Logo-quardratisch.jpg"},"url":"https:\/\/tapas.ch\/wordpress\/author\/rolfkuratle_535j8249\/"}]}},"_links":{"self":[{"href":"https:\/\/tapas.ch\/wordpress\/wp-json\/wp\/v2\/posts\/1002","targetHints":{"allow":["GET"]}}],"collection":[{"href":"https:\/\/tapas.ch\/wordpress\/wp-json\/wp\/v2\/posts"}],"about":[{"href":"https:\/\/tapas.ch\/wordpress\/wp-json\/wp\/v2\/types\/post"}],"author":[{"embeddable":true,"href":"https:\/\/tapas.ch\/wordpress\/wp-json\/wp\/v2\/users\/1"}],"replies":[{"embeddable":true,"href":"https:\/\/tapas.ch\/wordpress\/wp-json\/wp\/v2\/comments?post=1002"}],"version-history":[{"count":9,"href":"https:\/\/tapas.ch\/wordpress\/wp-json\/wp\/v2\/posts\/1002\/revisions"}],"predecessor-version":[{"id":84218,"href":"https:\/\/tapas.ch\/wordpress\/wp-json\/wp\/v2\/posts\/1002\/revisions\/84218"}],"wp:featuredmedia":[{"embeddable":true,"href":"https:\/\/tapas.ch\/wordpress\/wp-json\/wp\/v2\/media\/1003"}],"wp:attachment":[{"href":"https:\/\/tapas.ch\/wordpress\/wp-json\/wp\/v2\/media?parent=1002"}],"wp:term":[{"taxonomy":"category","embeddable":true,"href":"https:\/\/tapas.ch\/wordpress\/wp-json\/wp\/v2\/categories?post=1002"},{"taxonomy":"post_tag","embeddable":true,"href":"https:\/\/tapas.ch\/wordpress\/wp-json\/wp\/v2\/tags?post=1002"}],"curies":[{"name":"wp","href":"https:\/\/api.w.org\/{rel}","templated":true}]}}